{"id":4029,"date":"2015-03-16T11:18:07","date_gmt":"2015-03-16T14:18:07","guid":{"rendered":"http:\/\/www.gobernanzauniversitaria.cl\/?p=4029"},"modified":"2015-03-16T11:18:07","modified_gmt":"2015-03-16T14:18:07","slug":"la-responsabilidad-social-en-la-upf","status":"publish","type":"post","link":"https:\/\/www.gobernanzauniversitaria.cl\/?p=4029","title":{"rendered":"La Responsabilidad Social en la UPF"},"content":{"rendered":"<h4 class=\"p1\">La universidad catalana ha apostado por la equidad y el desarrollo sostenible en su organizaci\u00f3n<\/h4>\n<p>Art\u00edculo de opini\u00f3n de M\u00f3nica Figueras, directora del Posgrado en Comunicaci\u00f3n y Periodismo de Moda 3.0 del UPF-IDEC y vicerrectora de Responsabilidad Social y Promoci\u00f3n de la UPF<\/p>\n<p><a href=\"http:\/\/www.gobernanzauniversitaria.cl\/wp-content\/uploads\/2015\/03\/upf-644x362.jpg\"><img loading=\"lazy\" decoding=\"async\" class=\"alignleft wp-image-4030 size-medium\" src=\"http:\/\/www.gobernanzauniversitaria.cl\/wp-content\/uploads\/2015\/03\/upf-644x362-300x169.jpg\" alt=\"upf--644x362\" width=\"300\" height=\"169\" \/><\/a>La universidades, para la mayor parte de la sociedad, son sin\u00f3nimo de formaci\u00f3n superior y de investigaci\u00f3n. Pero, m\u00e1s all\u00e1 de estas dos misiones, las universidades de nuestro entorno tienen cada vez m\u00e1s interiorizada y asumida una &#8220;tercera misi\u00f3n&#8221;, orientada hacia la transferencia y la valorizaci\u00f3n del conocimiento generado. Y en esta tercera misi\u00f3n tiene cabida la responsabilidad social, entendida como la aportaci\u00f3n directa de los centros de educaci\u00f3n superior y de investigaci\u00f3n en el bienestar y desarrollo de la propia comunidad universitaria y, en general, de la sociedad a la que sirve. Es bajo esta premisa que entendemos que las universidades p\u00fablicas deber\u00edan fundamentar buena parte de sus actuaciones.<\/p>\n<p>El profesor Fran\u00e7ois Vallaeys, se\u00f1ala que la Responsabilidad Social Universitaria (RSU) debe ser concebida como una pol\u00edtica de calidad \u00e9tica de la comunidad universitaria, llevada a cabo mediante la gesti\u00f3n responsable de los impactos educativos, cognitivos, laborales y ambientales que la universidad genera, en un di\u00e1logo participativo con la sociedad, con el objetivo de mejorar la academia y promover el desarrollo humano sostenible.<\/p>\n<p>La RSU es una de las prioridades del actual equipo de gobierno de la UPF. Hace dos a\u00f1os se cre\u00f3 un programa con ese nombre que re\u00fane diferentes unidades y servicios para trabajar de forma transversal. Con el mismo criterio se cre\u00f3 el vicerrectorado de responsabilidad social. Este compromiso tiene vocaci\u00f3n de permanencia y queremos que forme parte de los valores y las actividades diarias de la instituci\u00f3n.<\/p>\n<p>Es en este sentido que se est\u00e1 trabajando para introducir l\u00edneas de investigaci\u00f3n, conocimiento y competencias sobre responsabilidad social profesional, sobre perspectiva de g\u00e9nero y sobre sostenibilidad, en las actividades docentes. Porque si bien es cierto que estamos formando futuros profesionales y directivos de organizaciones y empresas, l\u00edderes pol\u00edticos y sociales, tambi\u00e9n lo es que estamos formando ciudadanos activos y con conciencia cr\u00edtica, que puedan trabajar por la evoluci\u00f3n hacia un modelo de desarrollo sostenible en un sentido amplio.<\/p>\n<p>Asimismo, la UPF, como organizaci\u00f3n, est\u00e1 incorporando la responsabilidad social tambi\u00e9n al modelo de gesti\u00f3n para hacer este compromiso integral. Son ejemplos el nuevo modelo de gobernanza, que viene quiere m\u00e1s \u00e1gil y eficaz basado en la descentralizaci\u00f3n y la corresponsabilidad, o el establecimiento de un programa de ayudas propias a estudiantes con situaciones de dificultades econ\u00f3micas sobrevenidas, junto a las bonificaciones , becas y pr\u00e1cticas en la propia universidad; o el conjunto de mejoras acordadas con la parte social para avanzar en el bienestar de los trabajadores (plan piloto de teletrabajo, medidas para la conciliaci\u00f3n vida laboral-familiar y planes de formaci\u00f3n, entre otros).<\/p>\n<p>El verdadero reto consiste, pues, a adoptar medidas, tanto en el mundo acad\u00e9mico y docente, como en el funcionamiento de la organizaci\u00f3n, que permitan evaluar si estamos tan s\u00f3lo en un marco conceptual y de declaraciones bienintencionadas o si estamos ante un verdadero compromiso con la equidad y el desarrollo sostenible para implicarnos en la mejora de la sociedad de la que formamos parte ya la que servimos, como universidad p\u00fablica.<br \/>\nFuente:\u00a0http:\/\/www.lavanguardia.com\/economia\/tu-espacio-profesional\/20150311\/54428046072\/responsabilidad-social-upf.html<\/p>\n","protected":false},"excerpt":{"rendered":"<p>La universidad catalana ha apostado por la equidad y el desarrollo sostenible en su organizaci\u00f3n Art\u00edculo de opini\u00f3n de M\u00f3nica Figueras, directora del Posgrado en Comunicaci\u00f3n y Periodismo de Moda 3.0 del UPF-IDEC y vicerrectora de Responsabilidad Social y Promoci\u00f3n de la UPF La universidades, para la mayor parte de la sociedad, son sin\u00f3nimo de [&hellip;]<\/p>\n","protected":false},"author":1,"featured_media":4030,"comment_status":"closed","ping_status":"open","sticky":false,"template":"","format":"standard","meta":{"footnotes":""},"categories":[2],"tags":[],"class_list":["post-4029","post","type-post","status-publish","format-standard","has-post-thumbnail","hentry","category-actividades"],"_links":{"self":[{"href":"https:\/\/www.gobernanzauniversitaria.cl\/index.php?rest_route=\/wp\/v2\/posts\/4029","targetHints":{"allow":["GET"]}}],"collection":[{"href":"https:\/\/www.gobernanzauniversitaria.cl\/index.php?rest_route=\/wp\/v2\/posts"}],"about":[{"href":"https:\/\/www.gobernanzauniversitaria.cl\/index.php?rest_route=\/wp\/v2\/types\/post"}],"author":[{"embeddable":true,"href":"https:\/\/www.gobernanzauniversitaria.cl\/index.php?rest_route=\/wp\/v2\/users\/1"}],"replies":[{"embeddable":true,"href":"https:\/\/www.gobernanzauniversitaria.cl\/index.php?rest_route=%2Fwp%2Fv2%2Fcomments&post=4029"}],"version-history":[{"count":0,"href":"https:\/\/www.gobernanzauniversitaria.cl\/index.php?rest_route=\/wp\/v2\/posts\/4029\/revisions"}],"wp:featuredmedia":[{"embeddable":true,"href":"https:\/\/www.gobernanzauniversitaria.cl\/index.php?rest_route=\/"}],"wp:attachment":[{"href":"https:\/\/www.gobernanzauniversitaria.cl\/index.php?rest_route=%2Fwp%2Fv2%2Fmedia&parent=4029"}],"wp:term":[{"taxonomy":"category","embeddable":true,"href":"https:\/\/www.gobernanzauniversitaria.cl\/index.php?rest_route=%2Fwp%2Fv2%2Fcategories&post=4029"},{"taxonomy":"post_tag","embeddable":true,"href":"https:\/\/www.gobernanzauniversitaria.cl\/index.php?rest_route=%2Fwp%2Fv2%2Ftags&post=4029"}],"curies":[{"name":"wp","href":"https:\/\/api.w.org\/{rel}","templated":true}]}}