{"id":3969,"date":"2014-10-28T22:30:44","date_gmt":"2014-10-29T01:30:44","guid":{"rendered":"http:\/\/www.gobernanzauniversitaria.cl\/?p=3969"},"modified":"2014-10-28T22:30:44","modified_gmt":"2014-10-29T01:30:44","slug":"ulagos-gestiona-encuentro-de-investigadores-sobre-gobernanza-universitaria","status":"publish","type":"post","link":"https:\/\/www.gobernanzauniversitaria.cl\/?p=3969","title":{"rendered":"ULagos gestiona encuentro de investigadores sobre gobernanza universitaria"},"content":{"rendered":"<p>Los d\u00edas 29 y 30 de octubre del a\u00f1o en curso se llevar\u00e1 a cabo el \u2018II Congreso Iberoamericano sobre Gobernanza Universitaria\u2019. El Congreso pretende transformarse en un espacio de encuentro de acad\u00e9micos, directivos y profesionales de las universidades de Iberoam\u00e9rica, con la finalidad de compartir conocimientos y debatir propuestas y experiencias en el \u00e1mbito de la gobernanza de las universidades.<\/p>\n<p>Esta ma\u00f1ana se desarroll\u00f3, en la casona de postgrados de la Universidad Diego Portales, el Encuentro de Investigadores que estudian temas de gobierno universitario.\u00a0 La jornada, previa al inicio del Congreso, gir\u00f3 en torno al tema \u201c<b>Desarrollo de la investigaci\u00f3n en el \u00e1mbito del gobierno de las universidades iberoamericanas<\/b><b>\u201d<\/b>, y congreg\u00f3 a connotados investigadores expertos en \u00e1rea, entre los que destacan: los Drs. Jos\u00e9 Joaqu\u00edn\u00a0Brunner, Andr\u00e9s Bernasconi,\u00a0Liliana Pedraja, Ernesto Trivi\u00f1o.\u00a0El encuentro tuvo por relator principal al Dr. Adri\u00e1n Acosta Silva, investigador y especialista en educaci\u00f3n superior. Luego de la exposici\u00f3n del Dr. Acosta se abri\u00f3 un debate entre los participantes, que fue dirigido por el Dr. Francisco Ganga.<\/p>\n<p>Francisco Ganga Contreras, Director del \u2018Programa de Investigaci\u00f3n sobre Gobernanza e Inclusi\u00f3n Organizacional\u2019 de la Universidad de Los Lagos, y responsable de la organizaci\u00f3n de esta segunda versi\u00f3n del \u2018Congreso Iberoamericano sobre Gobernanza Universitaria\u2019, comenta: \u201cEste encuentro fue muy significativo ya que logramos congregar a investigadores que est\u00e1n en la frontera del conocimiento de la investigaci\u00f3n en el \u00e1mbito de los gobiernos universitarios. Junto con ello hemos conocido experiencias valios\u00edsimas acerca de c\u00f3mo se est\u00e1n llevando estos temas en Iberoam\u00e9rica. A la luz de lo ocurrido hoy estimo que el segundo Congreso Iberoamericano sobre Gobernanza Universitaria, que ma\u00f1ana inicia, ser\u00e1 todo un \u00e9xito, permiti\u00e9ndonos observar con mayor propiedad lo que est\u00e1 ocurriendo en esta \u00e1rea tan relevante para el desarrollo de los pa\u00edses de Iberoam\u00e9rica\u201d.<\/p>\n<p>En el encuentro participaron investigadores del Centro de Estudios de Pol\u00edticas y Pr\u00e1cticas en Educaci\u00f3n (CEPPE) de la Universidad Diego Portales, del Centro de Pol\u00edticas Comparadas y Educaci\u00f3n (CPCE) de la Universidad Cat\u00f3lica, del Programa de Investigaci\u00f3n sobre Gobernanza e Inclusi\u00f3n Organizacional (PRIGO) de la Universidad de Los Lagos, y del Departamento Acad\u00e9mico de Ciencias del Desarrollo de la citada Universidad.<\/p>\n<p>El \u2018II Congreso Iberoamericano sobre Gobernanza Universitaria\u2019 ser\u00e1 inaugurado en el ex Congreso Nacional, desarroll\u00e1ndose sus otras actividades en el Campus Santiago de la Universidad de Los Lagos.<\/p>\n<p>Para mayor informaci\u00f3n sobre el Congreso: http:\/\/congresogobernanza.ulagos.cl\/<\/p>\n<p>&nbsp;<\/p>\n<p>&nbsp;<\/p>\n","protected":false},"excerpt":{"rendered":"<p>Los d\u00edas 29 y 30 de octubre del a\u00f1o en curso se llevar\u00e1 a cabo el \u2018II Congreso Iberoamericano sobre Gobernanza Universitaria\u2019. El Congreso pretende transformarse en un espacio de encuentro de acad\u00e9micos, directivos y profesionales de las universidades de Iberoam\u00e9rica, con la finalidad de compartir conocimientos y debatir propuestas y experiencias en el \u00e1mbito [&hellip;]<\/p>\n","protected":false},"author":1,"featured_media":3970,"comment_status":"closed","ping_status":"open","sticky":false,"template":"","format":"standard","meta":{"footnotes":""},"categories":[2],"tags":[],"class_list":["post-3969","post","type-post","status-publish","format-standard","has-post-thumbnail","hentry","category-actividades"],"_links":{"self":[{"href":"https:\/\/www.gobernanzauniversitaria.cl\/index.php?rest_route=\/wp\/v2\/posts\/3969","targetHints":{"allow":["GET"]}}],"collection":[{"href":"https:\/\/www.gobernanzauniversitaria.cl\/index.php?rest_route=\/wp\/v2\/posts"}],"about":[{"href":"https:\/\/www.gobernanzauniversitaria.cl\/index.php?rest_route=\/wp\/v2\/types\/post"}],"author":[{"embeddable":true,"href":"https:\/\/www.gobernanzauniversitaria.cl\/index.php?rest_route=\/wp\/v2\/users\/1"}],"replies":[{"embeddable":true,"href":"https:\/\/www.gobernanzauniversitaria.cl\/index.php?rest_route=%2Fwp%2Fv2%2Fcomments&post=3969"}],"version-history":[{"count":0,"href":"https:\/\/www.gobernanzauniversitaria.cl\/index.php?rest_route=\/wp\/v2\/posts\/3969\/revisions"}],"wp:featuredmedia":[{"embeddable":true,"href":"https:\/\/www.gobernanzauniversitaria.cl\/index.php?rest_route=\/"}],"wp:attachment":[{"href":"https:\/\/www.gobernanzauniversitaria.cl\/index.php?rest_route=%2Fwp%2Fv2%2Fmedia&parent=3969"}],"wp:term":[{"taxonomy":"category","embeddable":true,"href":"https:\/\/www.gobernanzauniversitaria.cl\/index.php?rest_route=%2Fwp%2Fv2%2Fcategories&post=3969"},{"taxonomy":"post_tag","embeddable":true,"href":"https:\/\/www.gobernanzauniversitaria.cl\/index.php?rest_route=%2Fwp%2Fv2%2Ftags&post=3969"}],"curies":[{"name":"wp","href":"https:\/\/api.w.org\/{rel}","templated":true}]}}