{"id":3929,"date":"2014-10-28T15:37:44","date_gmt":"2014-10-28T18:37:44","guid":{"rendered":"http:\/\/www.gobernanzauniversitaria.cl\/wp\/?p=3929"},"modified":"2014-10-28T15:37:44","modified_gmt":"2014-10-28T18:37:44","slug":"ulagos-campus-santiago-prepara-segundo-congreso-de-gobernanza-universitaria","status":"publish","type":"post","link":"https:\/\/www.gobernanzauniversitaria.cl\/?p=3929","title":{"rendered":"ULagos Campus Santiago prepara Segundo Congreso de Gobernanza Universitaria"},"content":{"rendered":"<p style=\"text-align: justify;\">Los d\u00edas 29 y 30 de octubre del a\u00f1o en curso se llevar\u00e1 a cabo el \u2018Segundo Congreso Iberoamericano sobre Gobernanza Universitaria\u2019. Actividad en el que ya han confirmado su participaci\u00f3n acad\u00e9micos, investigadores y estudiantes de distintos pa\u00edses de Iberoamericana.<\/p>\n<p style=\"text-align: justify;\">El Congreso de Gobernanza Universitaria pretende transformarse en una plataforma de encuentro de acad\u00e9micos, directivos y profesionales de las universidades de Iberoam\u00e9rica, con la finalidad de compartir conocimientos y debatir propuestas y experiencias en el \u00e1mbito de la gobernanza de las universidades.<\/p>\n<p style=\"text-align: justify;\">La iniciativa, impulsada por la Universidad de Los Lagos, se realiz\u00f3 por primera vez en el a\u00f1o 2013, y en ella participaron acad\u00e9micos de Ecuador, Venezuela, M\u00e9xico, Costa Rica, Uruguay y Chile.<\/p>\n<p style=\"text-align: justify;\">La actividad ser\u00e1 inaugurada en el ex Congreso Nacional, verific\u00e1ndose sus otras actividades en el Campus Santiago de la Universidad de Los Lagos.<\/p>\n<p style=\"text-align: justify;\">El Congreso se realiza en el marco del proyecto Fondecyt regular \u201cSistemas de Gobierno de las Universidades Iberoamericanas, un an\u00e1lisis desde la teor\u00eda de agencia\u201d, perteneciente al Dr. Francisco Ganga Contreras, acad\u00e9mico de la Universidad de Los Lagos Campus Santiago. El investigador nos comenta el sentido y prop\u00f3sito de la actividad.<\/p>\n<p style=\"text-align: justify;\">\u00bfPOR QU\u00c9 ES IMPORTANTE PENSAR LOS TEMAS DE GESTI\u00d3N UNIVERSITARIA?<\/p>\n<p style=\"text-align: justify;\">\u00a0&#8220;La educaci\u00f3n se ha instalado en Latinoam\u00e9rica como un asunto estrat\u00e9gico a la hora de vislumbrar el desarrollo. Los pa\u00edses de Latinoam\u00e9rica est\u00e1n todos en v\u00eda de desarrollo, la experiencia internacional nos muestra que los pa\u00edses que efectivamente dan el \u2018salto\u2019 al desarrollo son aquellos que logran mejorar la calidad de sus instituciones educativas, y no cabe ninguna duda que unos de los factores que resulta determinante al momento de desplegar estrategias de excelencia, es, justamente, la mejora de los sistemas de gobierno universitario\u201d.<\/p>\n<p style=\"text-align: justify;\">\u201cSi las universidades tienen buenos sistemas de gobierno, ello se traducir\u00e1 en buenas universidades. Un buen sistema de gobierno universitario, con niveles de participaci\u00f3n bien ponderados, significa estabilidad, reflexi\u00f3n y proyecci\u00f3n. En la medida que se mejoren los sistemas de gobierno universitario, mejoraremos tambi\u00e9n la eficiencia, la eficacia y la efectividad de nuestras universidades. Entonces pensar estos temas hoy es muy relevante y trascendente\u201d.<\/p>\n<p style=\"text-align: justify;\">\u201cA ello agregar\u00eda que si se revisan art\u00edculos cient\u00edficos y entrevistas a actores relevantes del \u00e1mbito de la educaci\u00f3n, no existe un consenso respecto de c\u00f3mo deben ser administradas las instituciones de educaci\u00f3n superior. Entonces como ese consenso no existe, discutir sobre esta realidad es absolutamente necesario\u201d.<\/p>\n<p style=\"text-align: justify;\">\u201cFinalmente, no deja de ser menor que, en general, el pensamiento iberoamericano, ha estado fuertemente influenciado por la hegemon\u00eda estadounidense. Quienes trabajamos en el \u00e1mbito administrativo, habitualmente tenemos como importantes referentes a los pensadores estadounidenses y europeos, y no nos hemos dado el espacio para que en Latinoam\u00e9rica tambi\u00e9n se generen esos pensadores. Es importante que la comunidad acad\u00e9mica y cient\u00edfica de nuestros pa\u00edses valoren m\u00e1s lo que surge desde el pensamiento latinoamericano. Una de las f\u00f3rmulas es generar espacios, como el \u00b4Segundo Congreso de Gobernanza Universitaria\u2019, que vengan a apoyar la germinaci\u00f3n de investigaciones y pensamiento desde nuestro continente\u201d.<\/p>\n<p style=\"text-align: justify;\">CONVOCATORIA<\/p>\n<p style=\"text-align: justify;\">El plazo para la presentaci\u00f3n de ponencias a\u00fan est\u00e1 abierto, debiendo ser presentadas seg\u00fan las bases de la convocatoria. Las ponencias ser\u00e1n evaluadas por un jurado designado por las y los organizadores del Congreso, sobre la base de la pertinencia respecto el tema de la convocatoria, la originalidad, la relevancia te\u00f3rica y\/o pr\u00e1ctica, el rigor metodol\u00f3gico y la claridad, precisi\u00f3n y coherencia en la exposici\u00f3n y utilizaci\u00f3n de una sintaxis apropiada.<\/p>\n<p style=\"text-align: justify;\">Fechas importantes<\/p>\n<p style=\"text-align: justify;\">\u00a7 Cierre de recepci\u00f3n de res\u00famenes: Hasta viernes 25 de julio de 2014<\/p>\n<p style=\"text-align: justify;\">\u00a7 Notificaci\u00f3n de rechazo o aceptaci\u00f3n de resumen: al 31 de julio de 2014<\/p>\n<p style=\"text-align: justify;\">\u00a7 Cierre de recepci\u00f3n de ponencias: Hasta viernes 22 de agosto de 2014<\/p>\n<p style=\"text-align: justify;\">\u00a7 Notificaci\u00f3n de rechazo o aceptaci\u00f3n de ponencias: al 29 de agosto de 2014<\/p>\n<p style=\"text-align: justify;\">\u00a7 Entrega de presentaci\u00f3n de ponencia: 30 de septiembre de 2014<\/p>\n<p style=\"text-align: justify;\">\u00a7 \u2018Segundo Congreso Iberoamericano sobre Gobernanza Universitaria\u2019: 29 y 30 de octubre de 2014<\/p>\n<p style=\"text-align: justify;\">Los art\u00edculos que sean aceptados con modificaciones tendr\u00e1n un plazo de 2 semanas para realizar las correcciones, a partir de la notificaci\u00f3n.<\/p>\n<p style=\"text-align: justify;\">Para mayor informaci\u00f3n remitirse al siguiente link: http:\/\/congresogobernanza.ulagos.cl\/<\/p>\n","protected":false},"excerpt":{"rendered":"<p>Los d\u00edas 29 y 30 de octubre del a\u00f1o en curso se llevar\u00e1 a cabo el \u2018Segundo Congreso Iberoamericano sobre Gobernanza Universitaria\u2019. Actividad en el que ya han confirmado su participaci\u00f3n acad\u00e9micos, investigadores y estudiantes de distintos pa\u00edses de Iberoamericana. El Congreso de Gobernanza Universitaria pretende transformarse en una plataforma de encuentro de acad\u00e9micos, directivos [&hellip;]<\/p>\n","protected":false},"author":1,"featured_media":3930,"comment_status":"closed","ping_status":"open","sticky":false,"template":"","format":"standard","meta":{"footnotes":""},"categories":[2],"tags":[],"class_list":["post-3929","post","type-post","status-publish","format-standard","has-post-thumbnail","hentry","category-actividades"],"_links":{"self":[{"href":"https:\/\/www.gobernanzauniversitaria.cl\/index.php?rest_route=\/wp\/v2\/posts\/3929","targetHints":{"allow":["GET"]}}],"collection":[{"href":"https:\/\/www.gobernanzauniversitaria.cl\/index.php?rest_route=\/wp\/v2\/posts"}],"about":[{"href":"https:\/\/www.gobernanzauniversitaria.cl\/index.php?rest_route=\/wp\/v2\/types\/post"}],"author":[{"embeddable":true,"href":"https:\/\/www.gobernanzauniversitaria.cl\/index.php?rest_route=\/wp\/v2\/users\/1"}],"replies":[{"embeddable":true,"href":"https:\/\/www.gobernanzauniversitaria.cl\/index.php?rest_route=%2Fwp%2Fv2%2Fcomments&post=3929"}],"version-history":[{"count":0,"href":"https:\/\/www.gobernanzauniversitaria.cl\/index.php?rest_route=\/wp\/v2\/posts\/3929\/revisions"}],"wp:featuredmedia":[{"embeddable":true,"href":"https:\/\/www.gobernanzauniversitaria.cl\/index.php?rest_route=\/"}],"wp:attachment":[{"href":"https:\/\/www.gobernanzauniversitaria.cl\/index.php?rest_route=%2Fwp%2Fv2%2Fmedia&parent=3929"}],"wp:term":[{"taxonomy":"category","embeddable":true,"href":"https:\/\/www.gobernanzauniversitaria.cl\/index.php?rest_route=%2Fwp%2Fv2%2Fcategories&post=3929"},{"taxonomy":"post_tag","embeddable":true,"href":"https:\/\/www.gobernanzauniversitaria.cl\/index.php?rest_route=%2Fwp%2Fv2%2Ftags&post=3929"}],"curies":[{"name":"wp","href":"https:\/\/api.w.org\/{rel}","templated":true}]}}