{"id":205073,"date":"2026-09-03T15:51:36","date_gmt":"2026-09-03T18:51:36","guid":{"rendered":"https:\/\/www.gobernanzauniversitaria.cl\/?p=205073"},"modified":"2026-09-03T15:51:44","modified_gmt":"2026-09-03T18:51:44","slug":"nuevo-doctor-de-la-red-de-investigadores-iberoamericanos-sobre-gobernanza-universitaria-e-instituciones-educativas-riigued","status":"publish","type":"post","link":"https:\/\/www.gobernanzauniversitaria.cl\/?p=205073","title":{"rendered":"Nuevo doctor de la Red de Investigadores Iberoamericanos sobre Gobernanza Universitaria e Instituciones Educativas (RIIGUED)"},"content":{"rendered":"<p>El <strong>19 de agosto de 2026<\/strong>, <strong>Eduardo Gonz\u00e1lez Gil<\/strong> defendi\u00f3 su tesis doctoral titulada <em>\u201cPercepciones y an\u00e1lisis del gobierno universitario colombiano: una mirada desde la teor\u00eda de agencia\u201d<\/em>, en el Programa de Doctorado en Administraci\u00f3n de Empresas de la <strong>Pontificia Universidad Cat\u00f3lica Argentina Santa Mar\u00eda de los Buenos Aires<\/strong>.<\/p>\n<p>La investigaci\u00f3n fue dirigida por el <strong>Dr. Francisco An\u00edbal Ganga-Contreras<\/strong> y estudi\u00f3 el gobierno universitario colombiano a partir de la relaci\u00f3n entre los m\u00e1ximos cuerpos colegiados y los rectores. El trabajo constituye un aporte al campo de la <strong>gobernanza universitaria<\/strong>, mediante la articulaci\u00f3n entre investigaci\u00f3n acad\u00e9mica y experiencia en la direcci\u00f3n de instituciones de educaci\u00f3n superior.<\/p>\n<p>La comisi\u00f3n evaluadora estuvo integrada por la <strong>Dra. Paola Delbosco<\/strong>, la <strong>Dra. Mar\u00eda Marta Preziosa<\/strong> y el <strong>Dr. Carlos Garaventa<\/strong>. El trabajo obtuvo la m\u00e1xima calificaci\u00f3n, <em>summa cum laude<\/em>, como reconocimiento a la calidad y rigurosidad de la investigaci\u00f3n.<\/p>\n<p>Para Eduardo Gonz\u00e1lez Gil, este logro <em>\u201crepresenta la culminaci\u00f3n de un proceso acad\u00e9mico que me permiti\u00f3 convertir a\u00f1os de experiencia en la direcci\u00f3n universitaria en un objeto de investigaci\u00f3n. Al mismo tiempo, abre una nueva etapa en mi trayectoria acad\u00e9mica, orientada a seguir investigando y aportando al estudio del gobierno y la gobernanza universitaria desde la realidad de nuestras instituciones\u201d<\/em>.<\/p>\n","protected":false},"excerpt":{"rendered":"<p>El 19 de agosto de 2026, Eduardo Gonz\u00e1lez Gil defendi\u00f3 su tesis doctoral titulada \u201cPercepciones y an\u00e1lisis del gobierno universitario colombiano: una mirada desde la teor\u00eda de agencia\u201d, en el Programa de Doctorado en Administraci\u00f3n de Empresas de la Pontificia Universidad Cat\u00f3lica Argentina Santa Mar\u00eda de los Buenos Aires. La investigaci\u00f3n fue dirigida por el [&hellip;]<\/p>\n","protected":false},"author":1,"featured_media":205074,"comment_status":"open","ping_status":"open","sticky":false,"template":"","format":"standard","meta":{"footnotes":""},"categories":[57],"tags":[],"class_list":["post-205073","post","type-post","status-publish","format-standard","has-post-thumbnail","hentry","category-noticias"],"_links":{"self":[{"href":"https:\/\/www.gobernanzauniversitaria.cl\/index.php?rest_route=\/wp\/v2\/posts\/205073","targetHints":{"allow":["GET"]}}],"collection":[{"href":"https:\/\/www.gobernanzauniversitaria.cl\/index.php?rest_route=\/wp\/v2\/posts"}],"about":[{"href":"https:\/\/www.gobernanzauniversitaria.cl\/index.php?rest_route=\/wp\/v2\/types\/post"}],"author":[{"embeddable":true,"href":"https:\/\/www.gobernanzauniversitaria.cl\/index.php?rest_route=\/wp\/v2\/users\/1"}],"replies":[{"embeddable":true,"href":"https:\/\/www.gobernanzauniversitaria.cl\/index.php?rest_route=%2Fwp%2Fv2%2Fcomments&post=205073"}],"version-history":[{"count":2,"href":"https:\/\/www.gobernanzauniversitaria.cl\/index.php?rest_route=\/wp\/v2\/posts\/205073\/revisions"}],"predecessor-version":[{"id":205076,"href":"https:\/\/www.gobernanzauniversitaria.cl\/index.php?rest_route=\/wp\/v2\/posts\/205073\/revisions\/205076"}],"wp:featuredmedia":[{"embeddable":true,"href":"https:\/\/www.gobernanzauniversitaria.cl\/index.php?rest_route=\/wp\/v2\/media\/205074"}],"wp:attachment":[{"href":"https:\/\/www.gobernanzauniversitaria.cl\/index.php?rest_route=%2Fwp%2Fv2%2Fmedia&parent=205073"}],"wp:term":[{"taxonomy":"category","embeddable":true,"href":"https:\/\/www.gobernanzauniversitaria.cl\/index.php?rest_route=%2Fwp%2Fv2%2Fcategories&post=205073"},{"taxonomy":"post_tag","embeddable":true,"href":"https:\/\/www.gobernanzauniversitaria.cl\/index.php?rest_route=%2Fwp%2Fv2%2Ftags&post=205073"}],"curies":[{"name":"wp","href":"https:\/\/api.w.org\/{rel}","templated":true}]}}