{"id":205057,"date":"2026-08-18T10:45:26","date_gmt":"2026-08-18T13:45:26","guid":{"rendered":"https:\/\/www.gobernanzauniversitaria.cl\/?p=205057"},"modified":"2026-08-31T10:56:13","modified_gmt":"2026-08-31T13:56:13","slug":"dr-francisco-ganga-contreras-inaugura-catedra-internacional-sobre-gobernanza-universitaria-en-la-universidad-santo-tomas-de-colombia","status":"publish","type":"post","link":"https:\/\/www.gobernanzauniversitaria.cl\/?p=205057","title":{"rendered":"Dr. Francisco Ganga-Contreras, inaugura C\u00e1tedra Internacional sobre Gobernanza Universitaria en la Universidad Santo Tom\u00e1s de Colombia"},"content":{"rendered":"<p><em>En la Universidad Universidad Santo Tom\u00e1s de Colombia, se llev\u00f3 a cabo la ceremonia de inauguraci\u00f3n de la C\u00e1tedra Internacional sobre Gobernanza Universitaria.<\/em><\/p>\n<p>La primera sesi\u00f3n se consolid\u00f3 como un valioso espacio de reflexi\u00f3n acad\u00e9mica que permiti\u00f3 proyectar nuevos horizontes para la gesti\u00f3n universitaria, fortalecer el intercambio de conocimientos y fomentar el fortalecimiento de nuestra comunidad de investigadores.<\/p>\n<p>La jornada inici\u00f3 con las palabras de Fray \u00c1ngel Orlando Rojas Fino, O.P., Director de la Divisi\u00f3n Ciencias Sociales y de la Educaci\u00f3n, del Fray Eduardo Gonz\u00e1lez Gil, O.P., Director de la Divisi\u00f3n de Ingenier\u00edas as\u00ed como la decana de la Facultad de Educaci\u00f3n, Astrid Tibocha Ni\u00f1o, PhD\u00a0 y del decano de Sociolog\u00eda, Giovanny Alexander Forigua Ortiz.<\/p>\n<p>El responsdable de dictar la conferencia inaugural fue el miembro del Consejo Acad\u00e9mico del Doctorado en Educaci\u00f3n, Dr. Francisco Ganga-Contreras, quien abord\u00f3 el siguiente tema: \u201cGesti\u00f3n, gobierno, gobernabilidad, Gubernamentalidad\u00a0 y gobernanza universitaria: precisiones conceptuales y algo m\u00e1s\u2026\u201d. Para mi es un honor compartir conocimientos con tan ilustres invitados; pero sobretodo, representa una gran oportunidad de aprendizaje, por lo que estoy muy agradecido por la invitaci\u00f3n que me realizaron, afirm\u00f3 el Dr. Ganga.<\/p>\n<p><img loading=\"lazy\" decoding=\"async\" class=\"size-full wp-image-8145 aligncenter\" src=\"https:\/\/doctoradoeducacion.uta.cl\/wp-content\/uploads\/2026\/08\/Imagen2asads.jpg\" alt=\"\" width=\"567\" height=\"319\" \/><\/p>\n<p>Para la Decana Dra. Astrid Tibocha Ni\u00f1o \u201cestos espacios como la c\u00e1tedra reafirman el compromiso de la Universidad Santo Tom\u00e1s con la excelencia acad\u00e9mica, la internacionalizaci\u00f3n y la construcci\u00f3n de una educaci\u00f3n superior de alta calidad,\u00a0 seguimos avanzando en el fortalecimiento de nuestro Doctorado en Educaci\u00f3n, en el marco del proceso de acreditaci\u00f3n en alta calidad. La primera sesi\u00f3n de la c\u00e1tedra internacional de gobernanza universitaria nos permite seguir creciendo en la prospectiva de la gesti\u00f3n acad\u00e9mica y sobre todo en la posibilidad del intercambio y el fortalecimiento de la comunidad de investigadores para nuestra universidad. Gracias al Dr. Francisco Ganga por acompa\u00f1arnos con su excelente presentaci\u00f3n, la cual nos precisa el camino para seguir avanzando en el campo de la investigaci\u00f3n, especialmente en la l\u00ednea de la administraci\u00f3n universitaria, donde \u00e9l un referente en Am\u00e9rica Latina, finaliz\u00f3 la decana\u201d.<\/p>\n<p><img loading=\"lazy\" decoding=\"async\" class=\"size-full wp-image-8144 aligncenter\" src=\"https:\/\/doctoradoeducacion.uta.cl\/wp-content\/uploads\/2026\/08\/Imagen3asas.jpg\" alt=\"\" width=\"361\" height=\"389\" \/><\/p>\n<p>Por su parte, el Director de la Divisi\u00f3n de Ciencias Sociales de la Sede principal Bogot\u00e1 de la \u00a0Universidad Santo Tom\u00e1s, Fray \u00c1ngel Orlando Rojas Fino, expres\u00f3 su agradecimiento al invitado internacional y su compromiso institucional frente a la tem\u00e1tica, la cual fue reforzada por la presentaci\u00f3n de Fray Eduardo Gonz\u00e1lez Gil, O.P.\u00a0 gran referente institucional cuyos cargos directivos han marcado la vida de la instituci\u00f3n en otras \u00e9pocas y hoy como Director de la Divisi\u00f3n de ingenier\u00edas es fiel representante de la gobernanza desde la academia en la Santoto.<\/p>\n<p><img loading=\"lazy\" decoding=\"async\" class=\"size-full wp-image-8143 aligncenter\" src=\"https:\/\/doctoradoeducacion.uta.cl\/wp-content\/uploads\/2026\/08\/Imagen4asas.jpg\" alt=\"\" width=\"567\" height=\"319\" \/><\/p>\n","protected":false},"excerpt":{"rendered":"<p>En la Universidad Universidad Santo Tom\u00e1s de Colombia, se llev\u00f3 a cabo la ceremonia de inauguraci\u00f3n de la C\u00e1tedra Internacional sobre Gobernanza Universitaria. La primera sesi\u00f3n se consolid\u00f3 como un valioso espacio de reflexi\u00f3n acad\u00e9mica que permiti\u00f3 proyectar nuevos horizontes para la gesti\u00f3n universitaria, fortalecer el intercambio de conocimientos y fomentar el fortalecimiento de nuestra [&hellip;]<\/p>\n","protected":false},"author":1,"featured_media":205063,"comment_status":"open","ping_status":"open","sticky":false,"template":"","format":"standard","meta":{"footnotes":""},"categories":[57],"tags":[],"class_list":["post-205057","post","type-post","status-publish","format-standard","has-post-thumbnail","hentry","category-noticias"],"_links":{"self":[{"href":"https:\/\/www.gobernanzauniversitaria.cl\/index.php?rest_route=\/wp\/v2\/posts\/205057","targetHints":{"allow":["GET"]}}],"collection":[{"href":"https:\/\/www.gobernanzauniversitaria.cl\/index.php?rest_route=\/wp\/v2\/posts"}],"about":[{"href":"https:\/\/www.gobernanzauniversitaria.cl\/index.php?rest_route=\/wp\/v2\/types\/post"}],"author":[{"embeddable":true,"href":"https:\/\/www.gobernanzauniversitaria.cl\/index.php?rest_route=\/wp\/v2\/users\/1"}],"replies":[{"embeddable":true,"href":"https:\/\/www.gobernanzauniversitaria.cl\/index.php?rest_route=%2Fwp%2Fv2%2Fcomments&post=205057"}],"version-history":[{"count":4,"href":"https:\/\/www.gobernanzauniversitaria.cl\/index.php?rest_route=\/wp\/v2\/posts\/205057\/revisions"}],"predecessor-version":[{"id":205064,"href":"https:\/\/www.gobernanzauniversitaria.cl\/index.php?rest_route=\/wp\/v2\/posts\/205057\/revisions\/205064"}],"wp:featuredmedia":[{"embeddable":true,"href":"https:\/\/www.gobernanzauniversitaria.cl\/index.php?rest_route=\/wp\/v2\/media\/205063"}],"wp:attachment":[{"href":"https:\/\/www.gobernanzauniversitaria.cl\/index.php?rest_route=%2Fwp%2Fv2%2Fmedia&parent=205057"}],"wp:term":[{"taxonomy":"category","embeddable":true,"href":"https:\/\/www.gobernanzauniversitaria.cl\/index.php?rest_route=%2Fwp%2Fv2%2Fcategories&post=205057"},{"taxonomy":"post_tag","embeddable":true,"href":"https:\/\/www.gobernanzauniversitaria.cl\/index.php?rest_route=%2Fwp%2Fv2%2Ftags&post=205057"}],"curies":[{"name":"wp","href":"https:\/\/api.w.org\/{rel}","templated":true}]}}